{"id":889,"date":"2024-04-08T15:15:51","date_gmt":"2024-04-08T18:15:51","guid":{"rendered":"http:\/\/ec2-18-231-139-78.sa-east-1.compute.amazonaws.com\/?p=889"},"modified":"2025-02-18T11:43:00","modified_gmt":"2025-02-18T14:43:00","slug":"verao-playlists-musicas-pe-na-areia","status":"publish","type":"post","link":"https:\/\/teclamusic.com\/en\/verao-playlists-musicas-pe-na-areia\/","title":{"rendered":""},"content":{"rendered":"<p>In the summer, like good Cariocas, we can only think about one thing: where will the beach be on the weekend?<\/p>\n\n\n\n<p><strong>A spectacle of sensations<\/strong><\/p>\n\n\n\n<p>The beach is a unique moment. There is the connection with nature, the sound of the waves that come as a melody to calm your worries, the meeting with friends or the moment you and yourself. There are the beer guys, the mate guys, the coconut water guys.<\/p>\n\n\n\n<p><strong>A stage without limits<\/strong><\/p>\n\n\n\n<p>The beach is the space where people of all types come together. From Leme to Pontal \u2013 pushing limits and reaching from Maranh\u00e3o to Praia do Rosa \u2013 families build sand castles, surfers challenge the waves, friends get together to share laughs and many stories are created in the shade of an umbrella.<\/p>\n\n\n\n<p><strong>The art<\/strong><\/p>\n\n\n\n<p>Enjoying your feet in the sand is more than an experience, it is an art that teaches us to appreciate the simplicity and grandeur of nature. It is an invitation to reconnect with yourself and the world around you. A place where all hearts find a temporary home.<\/p>\n\n\n\n<p><strong>Play<\/strong><\/p>\n\n\n\n<p>With this in mind, we prepared our P\u00e9 Na Areia playlist, to capture the memorable moments that we know you will enjoy with shade and fresh water in the season that is the face of our country.<\/p>\n\n\n\n<p>Click <a href=\"https:\/\/open.spotify.com\/playlist\/4dMWakoyHOlsLwAz719Z7V?si=e89257a2b3024241\" target=\"_blank\" rel=\"noreferrer noopener\">here<\/a> to listen or search for \u201cP\u00e9 na Areia\u201d on streaming platforms &lt;3<br><\/p>\n\n\n\n<p class=\"has-text-align-center\">***<\/p>\n\n\n\n<p><em>We are the <\/em><strong><em>Music Key<\/em><\/strong><em>: music branding agency specialized in curation and sound management for brands with more than 15 years of experience in the market. We translate the values of your business and help inspire customers with sound strategies \u2013 for different platforms. And there, <\/em><strong><em>let&#039;s make noise? <\/em><\/strong><a href=\"https:\/\/teclamusic.com\/en\/fazemos\/#contato\"><strong><em>Click here to hire!<\/em><\/strong><\/a><\/p>","protected":false},"excerpt":{"rendered":"<p>No ver\u00e3o, como bons cariocas, a gente s\u00f3 consegue pensar em uma coisa: onde vai dar praia no fim de semana? Um espet\u00e1culo de sensa\u00e7\u00f5es A praia \u00e9 um momento \u00fanico. Tem a conex\u00e3o com a natureza, o som das ondas que vem como melodia pra acalmar as preocupa\u00e7\u00f5es, o encontro com os amigos ou [&hellip;]<\/p>\n","protected":false},"author":3,"featured_media":857,"comment_status":"open","ping_status":"open","sticky":false,"template":"","format":"standard","meta":{"footnotes":""},"categories":[14,17],"tags":[91,94,35,92,95],"class_list":["post-889","post","type-post","status-publish","format-standard","has-post-thumbnail","hentry","category-blog","category-curadoria","tag-musicaparaouvirnapraia","tag-penaareia","tag-playlist","tag-praia","tag-tropical"],"acf":[],"_links":{"self":[{"href":"https:\/\/teclamusic.com\/en\/wp-json\/wp\/v2\/posts\/889","targetHints":{"allow":["GET"]}}],"collection":[{"href":"https:\/\/teclamusic.com\/en\/wp-json\/wp\/v2\/posts"}],"about":[{"href":"https:\/\/teclamusic.com\/en\/wp-json\/wp\/v2\/types\/post"}],"author":[{"embeddable":true,"href":"https:\/\/teclamusic.com\/en\/wp-json\/wp\/v2\/users\/3"}],"replies":[{"embeddable":true,"href":"https:\/\/teclamusic.com\/en\/wp-json\/wp\/v2\/comments?post=889"}],"version-history":[{"count":5,"href":"https:\/\/teclamusic.com\/en\/wp-json\/wp\/v2\/posts\/889\/revisions"}],"predecessor-version":[{"id":1547,"href":"https:\/\/teclamusic.com\/en\/wp-json\/wp\/v2\/posts\/889\/revisions\/1547"}],"wp:featuredmedia":[{"embeddable":true,"href":"https:\/\/teclamusic.com\/en\/wp-json\/wp\/v2\/media\/857"}],"wp:attachment":[{"href":"https:\/\/teclamusic.com\/en\/wp-json\/wp\/v2\/media?parent=889"}],"wp:term":[{"taxonomy":"category","embeddable":true,"href":"https:\/\/teclamusic.com\/en\/wp-json\/wp\/v2\/categories?post=889"},{"taxonomy":"post_tag","embeddable":true,"href":"https:\/\/teclamusic.com\/en\/wp-json\/wp\/v2\/tags?post=889"}],"curies":[{"name":"wp","href":"https:\/\/api.w.org\/{rel}","templated":true}]}}